{"id":2023,"date":"2018-12-07T10:16:49","date_gmt":"2018-12-07T09:16:49","guid":{"rendered":"http:\/\/www.treatwell.be\/the-treatment-files-blog\/?p=92"},"modified":"2025-12-18T11:18:36","modified_gmt":"2025-12-18T10:18:36","slug":"ombre-hair-et-tie-dye-quelle-difference","status":"publish","type":"post","link":"https:\/\/www.treatwell.be/the-treatment-files-blog\/ombre-hair-et-tie-dye-quelle-difference\/","title":{"rendered":"Ombr\u00e9 hair et Tie &amp; Dye : quelle diff\u00e9rence ?"},"content":{"rendered":"<p>Le Ombr\u00e9 hair et le Tie &amp; Dye sont deux techniques de coloration souvent confondues et pourtant bien diff\u00e9rentes ! On est d\u2019accord, la distinction est plut\u00f4t subtile mais il y en a bien une, donc avant de vous jeter \u00e0 l\u2019eau on vous \u00e9claire sur ces deux tendances coloration.<\/p>\n<div class=\"schema-faq wp-block-yoast-faq-block\">\n<div class=\"schema-faq-section\" id=\"faq-question-1766053111604\">\n<h3 class=\"schema-faq-question\">Quelle diff\u00e9rence entre l\u2019Ombr\u00e9 hair et le Tie &amp; Dye ?<\/h3>\n<p class=\"schema-faq-answer\">L\u2019Ombr\u00e9 hair cr\u00e9e un d\u00e9grad\u00e9 naturel des racines aux pointes, tandis que le Tie &amp; Dye offre une d\u00e9marcation nette et visible. Avec l\u2019Ombr\u00e9 hair, tu b\u00e9n\u00e9ficies d\u2019une transition douce entre deux nuances, alors que le Tie &amp; Dye mise sur un effet &#8220;bicolore&#8221; plus marqu\u00e9.<\/div>\n<div class=\"schema-faq-section\" id=\"faq-question-1766053111605\">\n<h3 class=\"schema-faq-question\">Pour quels types de cheveux l\u2019Ombr\u00e9 hair convient-il ?<\/h3>\n<p class=\"schema-faq-answer\">L\u2019Ombr\u00e9 hair convient \u00e0 toutes les longueurs de cheveux. Tu peux adopter cette technique pour un r\u00e9sultat naturel, peu importe ta coupe, et une retouche tous les 3 ou 4 mois suffit pour maintenir un effet lumineux.<\/div>\n<div class=\"schema-faq-section\" id=\"faq-question-1766053111606\">\n<h3 class=\"schema-faq-question\">Le Tie &amp; Dye est-il adapt\u00e9 \u00e0 toutes les couleurs de cheveux ?<\/h3>\n<p class=\"schema-faq-answer\">Oui, le Tie &amp; Dye convient \u00e0 toutes les couleurs de cheveux. Tu peux choisir des combinaisons tr\u00e8s audacieuses, comme un blond platine avec des pointes roses, et sublimer ton style avec un contraste fort.<\/div>\n<div class=\"schema-faq-section\" id=\"faq-question-1766053111607\">\n<h3 class=\"schema-faq-question\">Quel entretien pr\u00e9voir apr\u00e8s un Ombr\u00e9 hair ?<\/h3>\n<p class=\"schema-faq-answer\">Une retouche tous les 3 ou 4 mois suffit pour entretenir ton Ombr\u00e9 hair. Cette technique permet de conserver une base naturelle sans rendez-vous trop fr\u00e9quent chez ton coloriste, pour profiter longtemps d\u2019un r\u00e9sultat \u00e9clatant.<\/div>\n<div class=\"schema-faq-section\" id=\"faq-question-1766053111608\">\n<h3 class=\"schema-faq-question\">Quels conseils avant d\u2019opter pour un Tie &amp; Dye ?<\/h3>\n<p class=\"schema-faq-answer\">Il est pr\u00e9f\u00e9rable d\u2019avoir des cheveux en bonne sant\u00e9 pour un Tie &amp; Dye. Un contraste marqu\u00e9 peut fragiliser les pointes et cr\u00e9er un &#8220;effet paille&#8221;, alors pense \u00e0 bien soigner ta chevelure avant de te lancer.<\/div>\n<\/p><\/div>\n","protected":false},"excerpt":{"rendered":"<p>Le Ombr\u00e9 hair et le Tie &amp; Dye sont deux techniques de coloration souvent confondues et pourtant bien diff\u00e9rentes ! On est d\u2019accord, la distinction est plut\u00f4t subtile mais il y en a bien une, donc avant de vous jeter \u00e0 l\u2019eau on vous \u00e9claire sur ces deux tendances coloration. Quelle diff\u00e9rence entre l\u2019Ombr\u00e9 hair [&hellip;]<\/p>\n","protected":false},"author":3290,"featured_media":2028,"comment_status":"closed","ping_status":"closed","sticky":false,"template":"","format":"standard","meta":{"_acf_changed":false,"_yoast_wpseo_title":"Ombr\u00e9 hair vs Tie & Dye : comprendre les diff\u00e9rences cl\u00e9s","_yoast_wpseo_metadesc":"D\u00e9couvre Ombr\u00e9 hair et Tie & Dye : nuances, techniques, r\u00e9sultats et entretien. Obtiens un look lumineux ou contrast\u00e9 selon ton style. Astuces pour bien choisir ta coloration.","_genesis_hide_title":false,"_genesis_hide_breadcrumbs":false,"_genesis_hide_singular_image":false,"_genesis_hide_footer_widgets":false,"_genesis_custom_body_class":"","_genesis_custom_post_class":"","_genesis_layout":"","saswp_custom_schema_field":"{\"@context\":\"https:\/\/schema.org\",\"@type\":\"FAQPage\",\"mainEntity\":[{\"@type\":\"Question\",\"name\":\"Quelle diff\u00e9rence entre l\u2019Ombr\u00e9 hair et le Tie & Dye ?\",\"acceptedAnswer\":{\"@type\":\"Answer\",\"text\":\"L\u2019Ombr\u00e9 hair cr\u00e9e un d\u00e9grad\u00e9 naturel des racines aux pointes, tandis que le Tie & Dye offre une d\u00e9marcation nette et visible. Avec l\u2019Ombr\u00e9 hair, tu b\u00e9n\u00e9ficies d\u2019une transition douce entre deux nuances, alors que le Tie & Dye mise sur un effet \\\"bicolore\\\" plus marqu\u00e9.\"}},{\"@type\":\"Question\",\"name\":\"Pour quels types de cheveux l\u2019Ombr\u00e9 hair convient-il ?\",\"acceptedAnswer\":{\"@type\":\"Answer\",\"text\":\"L\u2019Ombr\u00e9 hair convient \u00e0 toutes les longueurs de cheveux. Tu peux adopter cette technique pour un r\u00e9sultat naturel, peu importe ta coupe, et une retouche tous les 3 ou 4 mois suffit pour maintenir un effet lumineux.\"}},{\"@type\":\"Question\",\"name\":\"Le Tie & Dye est-il adapt\u00e9 \u00e0 toutes les couleurs de cheveux ?\",\"acceptedAnswer\":{\"@type\":\"Answer\",\"text\":\"Oui, le Tie & Dye convient \u00e0 toutes les couleurs de cheveux. Tu peux choisir des combinaisons tr\u00e8s audacieuses, comme un blond platine avec des pointes roses, et sublimer ton style avec un contraste fort.\"}},{\"@type\":\"Question\",\"name\":\"Quel entretien pr\u00e9voir apr\u00e8s un Ombr\u00e9 hair ?\",\"acceptedAnswer\":{\"@type\":\"Answer\",\"text\":\"Une retouche tous les 3 ou 4 mois suffit pour entretenir ton Ombr\u00e9 hair. Cette technique permet de conserver une base naturelle sans rendez-vous trop fr\u00e9quent chez ton coloriste, pour profiter longtemps d\u2019un r\u00e9sultat \u00e9clatant.\"}},{\"@type\":\"Question\",\"name\":\"Quels conseils avant d\u2019opter pour un Tie & Dye ?\",\"acceptedAnswer\":{\"@type\":\"Answer\",\"text\":\"Il est pr\u00e9f\u00e9rable d\u2019avoir des cheveux en bonne sant\u00e9 pour un Tie & Dye. Un contraste marqu\u00e9 peut fragiliser les pointes et cr\u00e9er un \\\"effet paille\\\", alors pense \u00e0 bien soigner ta chevelure avant de te lancer.\"}}]}","footnotes":""},"categories":[4],"tags":[8,9],"class_list":{"0":"post-2023","1":"post","2":"type-post","3":"status-publish","4":"format-standard","5":"has-post-thumbnail","7":"category-beaute","8":"tag-tt6","9":"tag-tr273","10":"entry"},"acf":{"post_credits":"@the_blondologist  @hlonurgulek @pulpriothair","beauty_blog_post_button_title":"","beauty_blog_post_button":"","landscape_picture":2027,"blocks":[{"block_title":"Zoom sur la technique","block_content":"<p>Nous sommes nombreuses&nbsp;&agrave; avoir du mal &agrave; distinguer les diff&eacute;rences entre le Tie &amp; Dye et le Ombr&eacute; hair. Ces deux colorations ont bien un point commun : des racines fonc&eacute;es et des pointes claires. On a men&eacute; l&rsquo;enqu&ecirc;te pour y voir plus clair&nbsp;sur ces deux techniques de coloration.<\/p>\n\n<p>Pour r&eacute;aliser un Ombr&eacute; hair, le coloriste va cr&eacute;er un d&eacute;grad&eacute; en conservant votre base naturelle au niveau des racines et en &eacute;claircissant progressivement jusqu&rsquo;aux pointes &agrave; l&rsquo;aide de deux nuances.&nbsp;Une teinte interm&eacute;diaire sur les longueurs et une teinte plus claire sur les pointes.<\/p>\n\n<p>Pour obtenir un Tie &amp; dye, c&rsquo;est &agrave; peu pr&egrave;s le m&ecirc;me principe sauf qu&rsquo;ici la d&eacute;marcation entre votre couleur de base et vos pointes sera nette et visible (sans couleur interm&eacute;diaire donc) pour un effet &ldquo;bicolore&rdquo; plus marqu&eacute;.<\/p>\n\n<p>En r&eacute;sum&eacute;, l&rsquo;Ombr&eacute; hair donne un d&eacute;grad&eacute; naturel alors que le Tie &amp; Dye joue plus la carte du contraste.<\/p>\n","video_content":"","block_picture":2024},{"block_title":"L'Ombr\u00e9 hair en images","block_content":"<p>Pour r&eacute;sumer, si vous souhaitez obtenir un r&eacute;sultat naturel, demandez un ombre hair &agrave; votre coiffeur.&nbsp;Cette technique convient &agrave; toutes les longueurs de cheveux et une retouche tous les 3 ou 4 mois suffit.<\/p>\n","video_content":"","block_picture":2025},{"block_title":"Le Tie &amp; Dye en images","block_content":"<p>La technique du&nbsp;Tie &amp; Dye convient mieux au cheveux mi-longs ou longs. Elle convient n&eacute;anmoins&nbsp;&agrave; toutes les couleurs car elle permet de r&eacute;aliser des vraies folies, par exemple un blond platine avec des pointes roses. Petit conseil: il vaut mieux avoir des cheveux en bonne sant&eacute; pour r&eacute;aliser cette coloration, sinon attention &agrave; &ldquo;l&rsquo;effet paille&rdquo; sur les pointes.<\/p>\n","video_content":"","block_picture":2026}]},"yoast_head":"<!-- This site is optimized with the Yoast SEO plugin v27.5 - https:\/\/yoast.com\/product\/yoast-seo-wordpress\/ -->\n<title>Ombr\u00e9 hair vs Tie &amp; Dye : comprendre les diff\u00e9rences cl\u00e9s<\/title>\n<meta name=\"description\" content=\"D\u00e9couvre Ombr\u00e9 hair et Tie &amp; Dye : nuances, techniques, r\u00e9sultats et entretien. Obtiens un look lumineux ou contrast\u00e9 selon ton style. Astuces pour bien choisir ta coloration.\" \/>\n<meta name=\"robots\" content=\"index, follow, max-snippet:-1, max-image-preview:large, max-video-preview:-1\" \/>\n<link rel=\"canonical\" href=\"https:\/\/www.treatwell.be/the-treatment-files-blog\/ombre-hair-et-tie-dye-quelle-difference\/\" \/>\n<meta property=\"og:locale\" content=\"fr_FR\" \/>\n<meta property=\"og:type\" content=\"article\" \/>\n<meta property=\"og:title\" content=\"Ombr\u00e9 hair vs Tie &amp; Dye : comprendre les diff\u00e9rences cl\u00e9s\" \/>\n<meta property=\"og:description\" content=\"D\u00e9couvre Ombr\u00e9 hair et Tie &amp; Dye : nuances, techniques, r\u00e9sultats et entretien. Obtiens un look lumineux ou contrast\u00e9 selon ton style. Astuces pour bien choisir ta coloration.\" \/>\n<meta property=\"og:url\" content=\"https:\/\/www.treatwell.be/the-treatment-files-blog\/ombre-hair-et-tie-dye-quelle-difference\/\" \/>\n<meta property=\"og:site_name\" content=\"The Treatment Files Blog\" \/>\n<meta property=\"article:published_time\" content=\"2018-12-07T09:16:49+00:00\" \/>\n<meta property=\"article:modified_time\" content=\"2025-12-18T10:18:36+00:00\" \/>\n<meta property=\"og:image\" content=\"https:\/\/www.treatwell.be/the-treatment-files-blog\/wp-content\/uploads\/sites\/3\/2022\/03\/Stocksy_txpf31be0362X0100_Medium_649353.jpg\" \/>\n\t<meta property=\"og:image:width\" content=\"942\" \/>\n\t<meta property=\"og:image:height\" content=\"628\" \/>\n\t<meta property=\"og:image:type\" content=\"image\/jpeg\" \/>\n<meta name=\"twitter:card\" content=\"summary_large_image\" \/>\n<meta name=\"twitter:label1\" content=\"\u00c9crit par\" \/>\n\t<meta name=\"twitter:data1\" content=\"\" \/>\n\t<meta name=\"twitter:label2\" content=\"Dur\u00e9e de lecture est.\" \/>\n\t<meta name=\"twitter:data2\" content=\"2 minutes\" \/>\n<script type=\"application\/ld+json\" class=\"yoast-schema-graph\">{\"@context\":\"https:\\\/\\\/schema.org\",\"@graph\":[{\"@type\":\"Article\",\"@id\":\"https:\\\/\\\/www.treatwell.be/the-treatment-files-blog\\\/ombre-hair-et-tie-dye-quelle-difference\\\/#article\",\"isPartOf\":{\"@id\":\"https:\\\/\\\/www.treatwell.be/the-treatment-files-blog\\\/ombre-hair-et-tie-dye-quelle-difference\\\/\"},\"author\":{\"name\":\"\",\"@id\":\"\"},\"headline\":\"Ombr\u00e9 hair et Tie &amp; Dye : quelle diff\u00e9rence ?\",\"datePublished\":\"2018-12-07T09:16:49+00:00\",\"dateModified\":\"2025-12-18T10:18:36+00:00\",\"mainEntityOfPage\":{\"@id\":\"https:\\\/\\\/www.treatwell.be/the-treatment-files-blog\\\/ombre-hair-et-tie-dye-quelle-difference\\\/\"},\"wordCount\":313,\"publisher\":{\"@id\":\"https:\\\/\\\/www.treatwell.be/the-treatment-files-blog\\\/#organization\"},\"image\":{\"@id\":\"https:\\\/\\\/www.treatwell.be/the-treatment-files-blog\\\/ombre-hair-et-tie-dye-quelle-difference\\\/#primaryimage\"},\"thumbnailUrl\":\"https:\\\/\\\/www.treatwell.be/the-treatment-files-blog\\\/wp-content\\\/uploads\\\/sites\\\/3\\\/2022\\\/03\\\/Stocksy_txpf31be0362X0100_Medium_649353.jpg\",\"keywords\":[\"Hair\",\"Hair Colouring and Highlights\"],\"articleSection\":[\"Beaut\u00e9\"],\"inLanguage\":\"fr-BE\"},{\"@type\":\"WebPage\",\"@id\":\"https:\\\/\\\/www.treatwell.be/the-treatment-files-blog\\\/ombre-hair-et-tie-dye-quelle-difference\\\/\",\"url\":\"https:\\\/\\\/www.treatwell.be/the-treatment-files-blog\\\/ombre-hair-et-tie-dye-quelle-difference\\\/\",\"name\":\"Ombr\u00e9 hair vs Tie & Dye : comprendre les diff\u00e9rences cl\u00e9s\",\"isPartOf\":{\"@id\":\"https:\\\/\\\/www.treatwell.be/the-treatment-files-blog\\\/#website\"},\"primaryImageOfPage\":{\"@id\":\"https:\\\/\\\/www.treatwell.be/the-treatment-files-blog\\\/ombre-hair-et-tie-dye-quelle-difference\\\/#primaryimage\"},\"image\":{\"@id\":\"https:\\\/\\\/www.treatwell.be/the-treatment-files-blog\\\/ombre-hair-et-tie-dye-quelle-difference\\\/#primaryimage\"},\"thumbnailUrl\":\"https:\\\/\\\/www.treatwell.be/the-treatment-files-blog\\\/wp-content\\\/uploads\\\/sites\\\/3\\\/2022\\\/03\\\/Stocksy_txpf31be0362X0100_Medium_649353.jpg\",\"datePublished\":\"2018-12-07T09:16:49+00:00\",\"dateModified\":\"2025-12-18T10:18:36+00:00\",\"description\":\"D\u00e9couvre Ombr\u00e9 hair et Tie & Dye : nuances, techniques, r\u00e9sultats et entretien. Obtiens un look lumineux ou contrast\u00e9 selon ton style. Astuces pour bien choisir ta coloration.\",\"breadcrumb\":{\"@id\":\"https:\\\/\\\/www.treatwell.be/the-treatment-files-blog\\\/ombre-hair-et-tie-dye-quelle-difference\\\/#breadcrumb\"},\"inLanguage\":\"fr-BE\",\"potentialAction\":[{\"@type\":\"ReadAction\",\"target\":[\"https:\\\/\\\/www.treatwell.be/the-treatment-files-blog\\\/ombre-hair-et-tie-dye-quelle-difference\\\/\"]}]},{\"@type\":\"ImageObject\",\"inLanguage\":\"fr-BE\",\"@id\":\"https:\\\/\\\/www.treatwell.be/the-treatment-files-blog\\\/ombre-hair-et-tie-dye-quelle-difference\\\/#primaryimage\",\"url\":\"https:\\\/\\\/www.treatwell.be/the-treatment-files-blog\\\/wp-content\\\/uploads\\\/sites\\\/3\\\/2022\\\/03\\\/Stocksy_txpf31be0362X0100_Medium_649353.jpg\",\"contentUrl\":\"https:\\\/\\\/www.treatwell.be/the-treatment-files-blog\\\/wp-content\\\/uploads\\\/sites\\\/3\\\/2022\\\/03\\\/Stocksy_txpf31be0362X0100_Medium_649353.jpg\",\"width\":942,\"height\":628},{\"@type\":\"BreadcrumbList\",\"@id\":\"https:\\\/\\\/www.treatwell.be/the-treatment-files-blog\\\/ombre-hair-et-tie-dye-quelle-difference\\\/#breadcrumb\",\"itemListElement\":[{\"@type\":\"ListItem\",\"position\":1,\"name\":\"Home\",\"item\":\"https:\\\/\\\/www.treatwell.be/the-treatment-files-blog\\\/\"},{\"@type\":\"ListItem\",\"position\":2,\"name\":\"Beaut\u00e9\",\"item\":\"https:\\\/\\\/www.treatwell.be/the-treatment-files-blog\\\/beaute\\\/\"},{\"@type\":\"ListItem\",\"position\":3,\"name\":\"Ombr\u00e9 hair et Tie &amp; Dye : quelle diff\u00e9rence ?\"}]},{\"@type\":\"WebSite\",\"@id\":\"https:\\\/\\\/www.treatwell.be/the-treatment-files-blog\\\/#website\",\"url\":\"https:\\\/\\\/www.treatwell.be/the-treatment-files-blog\\\/\",\"name\":\"The Treatment Files Blog\",\"description\":\"Ecco un altro sito Treatwell Blog B2C siti\",\"publisher\":{\"@id\":\"https:\\\/\\\/www.treatwell.be/the-treatment-files-blog\\\/#organization\"},\"potentialAction\":[{\"@type\":\"SearchAction\",\"target\":{\"@type\":\"EntryPoint\",\"urlTemplate\":\"https:\\\/\\\/www.treatwell.be/the-treatment-files-blog\\\/?s={search_term_string}\"},\"query-input\":{\"@type\":\"PropertyValueSpecification\",\"valueRequired\":true,\"valueName\":\"search_term_string\"}}],\"inLanguage\":\"fr-BE\"},{\"@type\":\"Organization\",\"@id\":\"https:\\\/\\\/www.treatwell.be/the-treatment-files-blog\\\/#organization\",\"name\":\"Treatwell\",\"url\":\"https:\\\/\\\/www.treatwell.be/the-treatment-files-blog\\\/\",\"logo\":{\"@type\":\"ImageObject\",\"inLanguage\":\"fr-BE\",\"@id\":\"https:\\\/\\\/www.treatwell.be/the-treatment-files-blog\\\/#\\\/schema\\\/logo\\\/image\\\/\",\"url\":\"https:\\\/\\\/www.treatwell.be/the-treatment-files-blog\\\/wp-content\\\/uploads\\\/sites\\\/3\\\/2022\\\/03\\\/logo_treatwell.png\",\"contentUrl\":\"https:\\\/\\\/www.treatwell.be/the-treatment-files-blog\\\/wp-content\\\/uploads\\\/sites\\\/3\\\/2022\\\/03\\\/logo_treatwell.png\",\"width\":889,\"height\":164,\"caption\":\"Treatwell\"},\"image\":{\"@id\":\"https:\\\/\\\/www.treatwell.be/the-treatment-files-blog\\\/#\\\/schema\\\/logo\\\/image\\\/\"}},{\"@type\":\"Person\",\"@id\":\"\",\"url\":\"https:\\\/\\\/www.treatwell.be/the-treatment-files-blog\\\/author\\\/\"}]}<\/script>\n<!-- \/ Yoast SEO plugin. -->","yoast_head_json":{"title":"Ombr\u00e9 hair vs Tie & Dye : comprendre les diff\u00e9rences cl\u00e9s","description":"D\u00e9couvre Ombr\u00e9 hair et Tie & Dye : nuances, techniques, r\u00e9sultats et entretien. Obtiens un look lumineux ou contrast\u00e9 selon ton style. Astuces pour bien choisir ta coloration.","robots":{"index":"index","follow":"follow","max-snippet":"max-snippet:-1","max-image-preview":"max-image-preview:large","max-video-preview":"max-video-preview:-1"},"canonical":"https:\/\/www.treatwell.be/the-treatment-files-blog\/ombre-hair-et-tie-dye-quelle-difference\/","og_locale":"fr_FR","og_type":"article","og_title":"Ombr\u00e9 hair vs Tie & Dye : comprendre les diff\u00e9rences cl\u00e9s","og_description":"D\u00e9couvre Ombr\u00e9 hair et Tie & Dye : nuances, techniques, r\u00e9sultats et entretien. Obtiens un look lumineux ou contrast\u00e9 selon ton style. Astuces pour bien choisir ta coloration.","og_url":"https:\/\/www.treatwell.be/the-treatment-files-blog\/ombre-hair-et-tie-dye-quelle-difference\/","og_site_name":"The Treatment Files Blog","article_published_time":"2018-12-07T09:16:49+00:00","article_modified_time":"2025-12-18T10:18:36+00:00","og_image":[{"width":942,"height":628,"url":"https:\/\/www.treatwell.be/the-treatment-files-blog\/wp-content\/uploads\/sites\/3\/2022\/03\/Stocksy_txpf31be0362X0100_Medium_649353.jpg","type":"image\/jpeg"}],"twitter_card":"summary_large_image","twitter_misc":{"\u00c9crit par":"","Dur\u00e9e de lecture est.":"2 minutes"},"schema":{"@context":"https:\/\/schema.org","@graph":[{"@type":"Article","@id":"https:\/\/www.treatwell.be/the-treatment-files-blog\/ombre-hair-et-tie-dye-quelle-difference\/#article","isPartOf":{"@id":"https:\/\/www.treatwell.be/the-treatment-files-blog\/ombre-hair-et-tie-dye-quelle-difference\/"},"author":{"name":"","@id":""},"headline":"Ombr\u00e9 hair et Tie &amp; Dye : quelle diff\u00e9rence ?","datePublished":"2018-12-07T09:16:49+00:00","dateModified":"2025-12-18T10:18:36+00:00","mainEntityOfPage":{"@id":"https:\/\/www.treatwell.be/the-treatment-files-blog\/ombre-hair-et-tie-dye-quelle-difference\/"},"wordCount":313,"publisher":{"@id":"https:\/\/www.treatwell.be/the-treatment-files-blog\/#organization"},"image":{"@id":"https:\/\/www.treatwell.be/the-treatment-files-blog\/ombre-hair-et-tie-dye-quelle-difference\/#primaryimage"},"thumbnailUrl":"https:\/\/www.treatwell.be/the-treatment-files-blog\/wp-content\/uploads\/sites\/3\/2022\/03\/Stocksy_txpf31be0362X0100_Medium_649353.jpg","keywords":["Hair","Hair Colouring and Highlights"],"articleSection":["Beaut\u00e9"],"inLanguage":"fr-BE"},{"@type":"WebPage","@id":"https:\/\/www.treatwell.be/the-treatment-files-blog\/ombre-hair-et-tie-dye-quelle-difference\/","url":"https:\/\/www.treatwell.be/the-treatment-files-blog\/ombre-hair-et-tie-dye-quelle-difference\/","name":"Ombr\u00e9 hair vs Tie & Dye : comprendre les diff\u00e9rences cl\u00e9s","isPartOf":{"@id":"https:\/\/www.treatwell.be/the-treatment-files-blog\/#website"},"primaryImageOfPage":{"@id":"https:\/\/www.treatwell.be/the-treatment-files-blog\/ombre-hair-et-tie-dye-quelle-difference\/#primaryimage"},"image":{"@id":"https:\/\/www.treatwell.be/the-treatment-files-blog\/ombre-hair-et-tie-dye-quelle-difference\/#primaryimage"},"thumbnailUrl":"https:\/\/www.treatwell.be/the-treatment-files-blog\/wp-content\/uploads\/sites\/3\/2022\/03\/Stocksy_txpf31be0362X0100_Medium_649353.jpg","datePublished":"2018-12-07T09:16:49+00:00","dateModified":"2025-12-18T10:18:36+00:00","description":"D\u00e9couvre Ombr\u00e9 hair et Tie & Dye : nuances, techniques, r\u00e9sultats et entretien. Obtiens un look lumineux ou contrast\u00e9 selon ton style. Astuces pour bien choisir ta coloration.","breadcrumb":{"@id":"https:\/\/www.treatwell.be/the-treatment-files-blog\/ombre-hair-et-tie-dye-quelle-difference\/#breadcrumb"},"inLanguage":"fr-BE","potentialAction":[{"@type":"ReadAction","target":["https:\/\/www.treatwell.be/the-treatment-files-blog\/ombre-hair-et-tie-dye-quelle-difference\/"]}]},{"@type":"ImageObject","inLanguage":"fr-BE","@id":"https:\/\/www.treatwell.be/the-treatment-files-blog\/ombre-hair-et-tie-dye-quelle-difference\/#primaryimage","url":"https:\/\/www.treatwell.be/the-treatment-files-blog\/wp-content\/uploads\/sites\/3\/2022\/03\/Stocksy_txpf31be0362X0100_Medium_649353.jpg","contentUrl":"https:\/\/www.treatwell.be/the-treatment-files-blog\/wp-content\/uploads\/sites\/3\/2022\/03\/Stocksy_txpf31be0362X0100_Medium_649353.jpg","width":942,"height":628},{"@type":"BreadcrumbList","@id":"https:\/\/www.treatwell.be/the-treatment-files-blog\/ombre-hair-et-tie-dye-quelle-difference\/#breadcrumb","itemListElement":[{"@type":"ListItem","position":1,"name":"Home","item":"https:\/\/www.treatwell.be/the-treatment-files-blog\/"},{"@type":"ListItem","position":2,"name":"Beaut\u00e9","item":"https:\/\/www.treatwell.be/the-treatment-files-blog\/beaute\/"},{"@type":"ListItem","position":3,"name":"Ombr\u00e9 hair et Tie &amp; Dye : quelle diff\u00e9rence ?"}]},{"@type":"WebSite","@id":"https:\/\/www.treatwell.be/the-treatment-files-blog\/#website","url":"https:\/\/www.treatwell.be/the-treatment-files-blog\/","name":"The Treatment Files Blog","description":"Ecco un altro sito Treatwell Blog B2C siti","publisher":{"@id":"https:\/\/www.treatwell.be/the-treatment-files-blog\/#organization"},"potentialAction":[{"@type":"SearchAction","target":{"@type":"EntryPoint","urlTemplate":"https:\/\/www.treatwell.be/the-treatment-files-blog\/?s={search_term_string}"},"query-input":{"@type":"PropertyValueSpecification","valueRequired":true,"valueName":"search_term_string"}}],"inLanguage":"fr-BE"},{"@type":"Organization","@id":"https:\/\/www.treatwell.be/the-treatment-files-blog\/#organization","name":"Treatwell","url":"https:\/\/www.treatwell.be/the-treatment-files-blog\/","logo":{"@type":"ImageObject","inLanguage":"fr-BE","@id":"https:\/\/www.treatwell.be/the-treatment-files-blog\/#\/schema\/logo\/image\/","url":"https:\/\/www.treatwell.be/the-treatment-files-blog\/wp-content\/uploads\/sites\/3\/2022\/03\/logo_treatwell.png","contentUrl":"https:\/\/www.treatwell.be/the-treatment-files-blog\/wp-content\/uploads\/sites\/3\/2022\/03\/logo_treatwell.png","width":889,"height":164,"caption":"Treatwell"},"image":{"@id":"https:\/\/www.treatwell.be/the-treatment-files-blog\/#\/schema\/logo\/image\/"}},{"@type":"Person","@id":"","url":"https:\/\/www.treatwell.be/the-treatment-files-blog\/author\/"}]}},"featured_image_src":"https:\/\/www.treatwell.be/the-treatment-files-blog\/wp-content\/uploads\/sites\/3\/2022\/03\/Stocksy_txpf31be0362X0100_Medium_649353-600x400.jpg","featured_image_src_square":"https:\/\/www.treatwell.be/the-treatment-files-blog\/wp-content\/uploads\/sites\/3\/2022\/03\/Stocksy_txpf31be0362X0100_Medium_649353-600x600.jpg","author_info":{"display_name":"","author_link":"https:\/\/www.treatwell.be/the-treatment-files-blog\/author\/"},"_links":{"self":[{"href":"https:\/\/www.treatwell.be\/the-treatment-files-blog\/wp-json\/wp\/v2\/posts\/2023","targetHints":{"allow":["GET"]}}],"collection":[{"href":"https:\/\/www.treatwell.be\/the-treatment-files-blog\/wp-json\/wp\/v2\/posts"}],"about":[{"href":"https:\/\/www.treatwell.be\/the-treatment-files-blog\/wp-json\/wp\/v2\/types\/post"}],"author":[{"embeddable":true,"href":"https:\/\/www.treatwell.be\/the-treatment-files-blog\/wp-json\/wp\/v2\/users\/3290"}],"replies":[{"embeddable":true,"href":"https:\/\/www.treatwell.be\/the-treatment-files-blog\/wp-json\/wp\/v2\/comments?post=2023"}],"version-history":[{"count":0,"href":"https:\/\/www.treatwell.be\/the-treatment-files-blog\/wp-json\/wp\/v2\/posts\/2023\/revisions"}],"wp:featuredmedia":[{"embeddable":true,"href":"https:\/\/www.treatwell.be\/the-treatment-files-blog\/wp-json\/wp\/v2\/media\/2028"}],"wp:attachment":[{"href":"https:\/\/www.treatwell.be\/the-treatment-files-blog\/wp-json\/wp\/v2\/media?parent=2023"}],"wp:term":[{"taxonomy":"category","embeddable":true,"href":"https:\/\/www.treatwell.be\/the-treatment-files-blog\/wp-json\/wp\/v2\/categories?post=2023"},{"taxonomy":"post_tag","embeddable":true,"href":"https:\/\/www.treatwell.be\/the-treatment-files-blog\/wp-json\/wp\/v2\/tags?post=2023"}],"curies":[{"name":"wp","href":"https:\/\/api.w.org\/{rel}","templated":true}]}}